{"id":7911,"date":"2020-03-12T14:50:37","date_gmt":"2020-03-12T14:50:37","guid":{"rendered":"https:\/\/www.aurin-choir.hu\/uncategorized\/koncertjeink-elmaradnak\/"},"modified":"2020-03-20T15:01:12","modified_gmt":"2020-03-20T15:01:12","slug":"concerts-cancelled","status":"publish","type":"post","link":"https:\/\/www.aurin-choir.hu\/en\/foundation\/concerts-cancelled\/","title":{"rendered":"Concerts cancelled"},"content":{"rendered":"<p>[vc_row][vc_column][vc_column_text]<\/p>\n<h3>Concerts cancelled<\/h3>\n<p>[\/vc_column_text][vc_column_text]Dear Audience,<\/p>\n<p>We regret to inform you that due to the govermental measures announced on March 11, in order to avoid health hazards, we cancelled all concerts until the unforseeable future on all our venues.[\/vc_column_text][\/vc_column][\/vc_row][vc_row][vc_column][vc_video link=&#8221;https:\/\/www.youtube.com\/watch?v=M7n6GipvZjI&#8221;][\/vc_column][\/vc_row]<\/p>\n","protected":false},"excerpt":{"rendered":"<p>[vc_row][vc_column][vc_column_text] Concerts cancelled [\/vc_column_text][vc_column_text]Dear Audience, We regret to inform you that due to the govermental measures announced on March 11, in order to avoid health hazards, we cancelled all concerts until the unforseeable future on all our venues.[\/vc_column_text][\/vc_column][\/vc_row][vc_row][vc_column][vc_video link=&#8221;https:\/\/www.youtube.com\/watch?v=M7n6GipvZjI&#8221;][\/vc_column][\/vc_row]<\/p>\n","protected":false},"author":1,"featured_media":6245,"comment_status":"closed","ping_status":"closed","sticky":false,"template":"","format":"standard","meta":{"_et_pb_use_builder":"on","_et_pb_old_content":"","_et_gb_content_width":"","ngg_post_thumbnail":0,"footnotes":""},"categories":[22,26],"tags":[],"class_list":["post-7911","post","type-post","status-publish","format-standard","has-post-thumbnail","hentry","category-foundation","category-mixedchoir"],"yoast_head":"<!-- This site is optimized with the Yoast SEO plugin v26.0 - https:\/\/yoast.com\/wordpress\/plugins\/seo\/ -->\n<title>Concerts cancelled - Aurin - Miraculum<\/title>\n<meta name=\"robots\" content=\"index, follow, max-snippet:-1, max-image-preview:large, max-video-preview:-1\" \/>\n<link rel=\"canonical\" href=\"https:\/\/www.aurin-choir.hu\/en\/foundation\/concerts-cancelled\/\" \/>\n<meta property=\"og:locale\" content=\"en_US\" \/>\n<meta property=\"og:type\" content=\"article\" \/>\n<meta property=\"og:title\" content=\"Concerts cancelled - Aurin - Miraculum\" \/>\n<meta property=\"og:description\" content=\"[vc_row][vc_column][vc_column_text] Concerts cancelled [\/vc_column_text][vc_column_text]Dear Audience, We regret to inform you that due to the govermental measures announced on March 11, in order to avoid health hazards, we cancelled all concerts until the unforseeable future on all our venues.[\/vc_column_text][\/vc_column][\/vc_row][vc_row][vc_column][vc_video link=&quot;https:\/\/www.youtube.com\/watch?v=M7n6GipvZjI&quot;][\/vc_column][\/vc_row]\" \/>\n<meta property=\"og:url\" content=\"https:\/\/www.aurin-choir.hu\/en\/foundation\/concerts-cancelled\/\" \/>\n<meta property=\"og:site_name\" content=\"Aurin - Miraculum\" \/>\n<meta property=\"article:publisher\" content=\"https:\/\/www.facebook.com\/aurinchoir\" \/>\n<meta property=\"article:published_time\" content=\"2020-03-12T14:50:37+00:00\" \/>\n<meta property=\"article:modified_time\" content=\"2020-03-20T15:01:12+00:00\" \/>\n<meta property=\"og:image\" content=\"https:\/\/www.aurin-choir.hu\/wp-content\/uploads\/2020\/03\/DSC_0515.jpg\" \/>\n\t<meta property=\"og:image:width\" content=\"2000\" \/>\n\t<meta property=\"og:image:height\" content=\"1330\" \/>\n\t<meta property=\"og:image:type\" content=\"image\/jpeg\" \/>\n<meta name=\"author\" content=\"admin\" \/>\n<meta name=\"twitter:card\" content=\"summary_large_image\" \/>\n<meta name=\"twitter:label1\" content=\"Written by\" \/>\n\t<meta name=\"twitter:data1\" content=\"admin\" \/>\n<script type=\"application\/ld+json\" class=\"yoast-schema-graph\">{\"@context\":\"https:\/\/schema.org\",\"@graph\":[{\"@type\":\"Article\",\"@id\":\"https:\/\/www.aurin-choir.hu\/en\/foundation\/concerts-cancelled\/#article\",\"isPartOf\":{\"@id\":\"https:\/\/www.aurin-choir.hu\/en\/foundation\/concerts-cancelled\/\"},\"author\":{\"name\":\"admin\",\"@id\":\"https:\/\/www.aurin-choir.hu\/#\/schema\/person\/3734cfd379a9decb703d4dcd4115cba4\"},\"headline\":\"Concerts cancelled\",\"datePublished\":\"2020-03-12T14:50:37+00:00\",\"dateModified\":\"2020-03-20T15:01:12+00:00\",\"mainEntityOfPage\":{\"@id\":\"https:\/\/www.aurin-choir.hu\/en\/foundation\/concerts-cancelled\/\"},\"wordCount\":78,\"publisher\":{\"@id\":\"https:\/\/www.aurin-choir.hu\/#organization\"},\"image\":{\"@id\":\"https:\/\/www.aurin-choir.hu\/en\/foundation\/concerts-cancelled\/#primaryimage\"},\"thumbnailUrl\":\"https:\/\/www.aurin-choir.hu\/wp-content\/uploads\/2020\/03\/DSC_0515.jpg\",\"articleSection\":[\"foundation\",\"mixedchoir\"],\"inLanguage\":\"en-US\"},{\"@type\":\"WebPage\",\"@id\":\"https:\/\/www.aurin-choir.hu\/en\/foundation\/concerts-cancelled\/\",\"url\":\"https:\/\/www.aurin-choir.hu\/en\/foundation\/concerts-cancelled\/\",\"name\":\"Concerts cancelled - Aurin - Miraculum\",\"isPartOf\":{\"@id\":\"https:\/\/www.aurin-choir.hu\/#website\"},\"primaryImageOfPage\":{\"@id\":\"https:\/\/www.aurin-choir.hu\/en\/foundation\/concerts-cancelled\/#primaryimage\"},\"image\":{\"@id\":\"https:\/\/www.aurin-choir.hu\/en\/foundation\/concerts-cancelled\/#primaryimage\"},\"thumbnailUrl\":\"https:\/\/www.aurin-choir.hu\/wp-content\/uploads\/2020\/03\/DSC_0515.jpg\",\"datePublished\":\"2020-03-12T14:50:37+00:00\",\"dateModified\":\"2020-03-20T15:01:12+00:00\",\"breadcrumb\":{\"@id\":\"https:\/\/www.aurin-choir.hu\/en\/foundation\/concerts-cancelled\/#breadcrumb\"},\"inLanguage\":\"en-US\",\"potentialAction\":[{\"@type\":\"ReadAction\",\"target\":[\"https:\/\/www.aurin-choir.hu\/en\/foundation\/concerts-cancelled\/\"]}]},{\"@type\":\"ImageObject\",\"inLanguage\":\"en-US\",\"@id\":\"https:\/\/www.aurin-choir.hu\/en\/foundation\/concerts-cancelled\/#primaryimage\",\"url\":\"https:\/\/www.aurin-choir.hu\/wp-content\/uploads\/2020\/03\/DSC_0515.jpg\",\"contentUrl\":\"https:\/\/www.aurin-choir.hu\/wp-content\/uploads\/2020\/03\/DSC_0515.jpg\",\"width\":2000,\"height\":1330},{\"@type\":\"BreadcrumbList\",\"@id\":\"https:\/\/www.aurin-choir.hu\/en\/foundation\/concerts-cancelled\/#breadcrumb\",\"itemListElement\":[{\"@type\":\"ListItem\",\"position\":1,\"name\":\"Kezd\u0151lap\",\"item\":\"https:\/\/www.aurin-choir.hu\/en\/\"},{\"@type\":\"ListItem\",\"position\":2,\"name\":\"Concerts cancelled\"}]},{\"@type\":\"WebSite\",\"@id\":\"https:\/\/www.aurin-choir.hu\/#website\",\"url\":\"https:\/\/www.aurin-choir.hu\/\",\"name\":\"Aurin - Miraculum\",\"description\":\"Aurin - Miraculum\",\"publisher\":{\"@id\":\"https:\/\/www.aurin-choir.hu\/#organization\"},\"potentialAction\":[{\"@type\":\"SearchAction\",\"target\":{\"@type\":\"EntryPoint\",\"urlTemplate\":\"https:\/\/www.aurin-choir.hu\/?s={search_term_string}\"},\"query-input\":{\"@type\":\"PropertyValueSpecification\",\"valueRequired\":true,\"valueName\":\"search_term_string\"}}],\"inLanguage\":\"en-US\"},{\"@type\":\"Organization\",\"@id\":\"https:\/\/www.aurin-choir.hu\/#organization\",\"name\":\"Aurin \u00e9s Miraculum Alap\u00edtv\u00e1ny\",\"url\":\"https:\/\/www.aurin-choir.hu\/\",\"logo\":{\"@type\":\"ImageObject\",\"inLanguage\":\"en-US\",\"@id\":\"https:\/\/www.aurin-choir.hu\/#\/schema\/logo\/image\/\",\"url\":\"https:\/\/www.aurin-choir.hu\/wp-content\/uploads\/2024\/05\/logo_webre_evadzaro2-1.png\",\"contentUrl\":\"https:\/\/www.aurin-choir.hu\/wp-content\/uploads\/2024\/05\/logo_webre_evadzaro2-1.png\",\"width\":500,\"height\":515,\"caption\":\"Aurin \u00e9s Miraculum Alap\u00edtv\u00e1ny\"},\"image\":{\"@id\":\"https:\/\/www.aurin-choir.hu\/#\/schema\/logo\/image\/\"},\"sameAs\":[\"https:\/\/www.facebook.com\/aurinchoir\"]},{\"@type\":\"Person\",\"@id\":\"https:\/\/www.aurin-choir.hu\/#\/schema\/person\/3734cfd379a9decb703d4dcd4115cba4\",\"name\":\"admin\",\"url\":\"https:\/\/www.aurin-choir.hu\/en\/author\/admin\/\"}]}<\/script>\n<!-- \/ Yoast SEO plugin. -->","yoast_head_json":{"title":"Concerts cancelled - Aurin - Miraculum","robots":{"index":"index","follow":"follow","max-snippet":"max-snippet:-1","max-image-preview":"max-image-preview:large","max-video-preview":"max-video-preview:-1"},"canonical":"https:\/\/www.aurin-choir.hu\/en\/foundation\/concerts-cancelled\/","og_locale":"en_US","og_type":"article","og_title":"Concerts cancelled - Aurin - Miraculum","og_description":"[vc_row][vc_column][vc_column_text] Concerts cancelled [\/vc_column_text][vc_column_text]Dear Audience, We regret to inform you that due to the govermental measures announced on March 11, in order to avoid health hazards, we cancelled all concerts until the unforseeable future on all our venues.[\/vc_column_text][\/vc_column][\/vc_row][vc_row][vc_column][vc_video link=\"https:\/\/www.youtube.com\/watch?v=M7n6GipvZjI\"][\/vc_column][\/vc_row]","og_url":"https:\/\/www.aurin-choir.hu\/en\/foundation\/concerts-cancelled\/","og_site_name":"Aurin - Miraculum","article_publisher":"https:\/\/www.facebook.com\/aurinchoir","article_published_time":"2020-03-12T14:50:37+00:00","article_modified_time":"2020-03-20T15:01:12+00:00","og_image":[{"width":2000,"height":1330,"url":"https:\/\/www.aurin-choir.hu\/wp-content\/uploads\/2020\/03\/DSC_0515.jpg","type":"image\/jpeg"}],"author":"admin","twitter_card":"summary_large_image","twitter_misc":{"Written by":"admin"},"schema":{"@context":"https:\/\/schema.org","@graph":[{"@type":"Article","@id":"https:\/\/www.aurin-choir.hu\/en\/foundation\/concerts-cancelled\/#article","isPartOf":{"@id":"https:\/\/www.aurin-choir.hu\/en\/foundation\/concerts-cancelled\/"},"author":{"name":"admin","@id":"https:\/\/www.aurin-choir.hu\/#\/schema\/person\/3734cfd379a9decb703d4dcd4115cba4"},"headline":"Concerts cancelled","datePublished":"2020-03-12T14:50:37+00:00","dateModified":"2020-03-20T15:01:12+00:00","mainEntityOfPage":{"@id":"https:\/\/www.aurin-choir.hu\/en\/foundation\/concerts-cancelled\/"},"wordCount":78,"publisher":{"@id":"https:\/\/www.aurin-choir.hu\/#organization"},"image":{"@id":"https:\/\/www.aurin-choir.hu\/en\/foundation\/concerts-cancelled\/#primaryimage"},"thumbnailUrl":"https:\/\/www.aurin-choir.hu\/wp-content\/uploads\/2020\/03\/DSC_0515.jpg","articleSection":["foundation","mixedchoir"],"inLanguage":"en-US"},{"@type":"WebPage","@id":"https:\/\/www.aurin-choir.hu\/en\/foundation\/concerts-cancelled\/","url":"https:\/\/www.aurin-choir.hu\/en\/foundation\/concerts-cancelled\/","name":"Concerts cancelled - Aurin - Miraculum","isPartOf":{"@id":"https:\/\/www.aurin-choir.hu\/#website"},"primaryImageOfPage":{"@id":"https:\/\/www.aurin-choir.hu\/en\/foundation\/concerts-cancelled\/#primaryimage"},"image":{"@id":"https:\/\/www.aurin-choir.hu\/en\/foundation\/concerts-cancelled\/#primaryimage"},"thumbnailUrl":"https:\/\/www.aurin-choir.hu\/wp-content\/uploads\/2020\/03\/DSC_0515.jpg","datePublished":"2020-03-12T14:50:37+00:00","dateModified":"2020-03-20T15:01:12+00:00","breadcrumb":{"@id":"https:\/\/www.aurin-choir.hu\/en\/foundation\/concerts-cancelled\/#breadcrumb"},"inLanguage":"en-US","potentialAction":[{"@type":"ReadAction","target":["https:\/\/www.aurin-choir.hu\/en\/foundation\/concerts-cancelled\/"]}]},{"@type":"ImageObject","inLanguage":"en-US","@id":"https:\/\/www.aurin-choir.hu\/en\/foundation\/concerts-cancelled\/#primaryimage","url":"https:\/\/www.aurin-choir.hu\/wp-content\/uploads\/2020\/03\/DSC_0515.jpg","contentUrl":"https:\/\/www.aurin-choir.hu\/wp-content\/uploads\/2020\/03\/DSC_0515.jpg","width":2000,"height":1330},{"@type":"BreadcrumbList","@id":"https:\/\/www.aurin-choir.hu\/en\/foundation\/concerts-cancelled\/#breadcrumb","itemListElement":[{"@type":"ListItem","position":1,"name":"Kezd\u0151lap","item":"https:\/\/www.aurin-choir.hu\/en\/"},{"@type":"ListItem","position":2,"name":"Concerts cancelled"}]},{"@type":"WebSite","@id":"https:\/\/www.aurin-choir.hu\/#website","url":"https:\/\/www.aurin-choir.hu\/","name":"Aurin - Miraculum","description":"Aurin - Miraculum","publisher":{"@id":"https:\/\/www.aurin-choir.hu\/#organization"},"potentialAction":[{"@type":"SearchAction","target":{"@type":"EntryPoint","urlTemplate":"https:\/\/www.aurin-choir.hu\/?s={search_term_string}"},"query-input":{"@type":"PropertyValueSpecification","valueRequired":true,"valueName":"search_term_string"}}],"inLanguage":"en-US"},{"@type":"Organization","@id":"https:\/\/www.aurin-choir.hu\/#organization","name":"Aurin \u00e9s Miraculum Alap\u00edtv\u00e1ny","url":"https:\/\/www.aurin-choir.hu\/","logo":{"@type":"ImageObject","inLanguage":"en-US","@id":"https:\/\/www.aurin-choir.hu\/#\/schema\/logo\/image\/","url":"https:\/\/www.aurin-choir.hu\/wp-content\/uploads\/2024\/05\/logo_webre_evadzaro2-1.png","contentUrl":"https:\/\/www.aurin-choir.hu\/wp-content\/uploads\/2024\/05\/logo_webre_evadzaro2-1.png","width":500,"height":515,"caption":"Aurin \u00e9s Miraculum Alap\u00edtv\u00e1ny"},"image":{"@id":"https:\/\/www.aurin-choir.hu\/#\/schema\/logo\/image\/"},"sameAs":["https:\/\/www.facebook.com\/aurinchoir"]},{"@type":"Person","@id":"https:\/\/www.aurin-choir.hu\/#\/schema\/person\/3734cfd379a9decb703d4dcd4115cba4","name":"admin","url":"https:\/\/www.aurin-choir.hu\/en\/author\/admin\/"}]}},"_links":{"self":[{"href":"https:\/\/www.aurin-choir.hu\/en\/wp-json\/wp\/v2\/posts\/7911","targetHints":{"allow":["GET"]}}],"collection":[{"href":"https:\/\/www.aurin-choir.hu\/en\/wp-json\/wp\/v2\/posts"}],"about":[{"href":"https:\/\/www.aurin-choir.hu\/en\/wp-json\/wp\/v2\/types\/post"}],"author":[{"embeddable":true,"href":"https:\/\/www.aurin-choir.hu\/en\/wp-json\/wp\/v2\/users\/1"}],"replies":[{"embeddable":true,"href":"https:\/\/www.aurin-choir.hu\/en\/wp-json\/wp\/v2\/comments?post=7911"}],"version-history":[{"count":3,"href":"https:\/\/www.aurin-choir.hu\/en\/wp-json\/wp\/v2\/posts\/7911\/revisions"}],"predecessor-version":[{"id":7915,"href":"https:\/\/www.aurin-choir.hu\/en\/wp-json\/wp\/v2\/posts\/7911\/revisions\/7915"}],"wp:featuredmedia":[{"embeddable":true,"href":"https:\/\/www.aurin-choir.hu\/en\/wp-json\/wp\/v2\/media\/6245"}],"wp:attachment":[{"href":"https:\/\/www.aurin-choir.hu\/en\/wp-json\/wp\/v2\/media?parent=7911"}],"wp:term":[{"taxonomy":"category","embeddable":true,"href":"https:\/\/www.aurin-choir.hu\/en\/wp-json\/wp\/v2\/categories?post=7911"},{"taxonomy":"post_tag","embeddable":true,"href":"https:\/\/www.aurin-choir.hu\/en\/wp-json\/wp\/v2\/tags?post=7911"}],"curies":[{"name":"wp","href":"https:\/\/api.w.org\/{rel}","templated":true}]}}